{"id":3242,"date":"2026-09-01T08:00:00","date_gmt":"2026-09-01T06:00:00","guid":{"rendered":"https:\/\/csoullins.org\/?p=3242"},"modified":"2026-08-27T15:40:53","modified_gmt":"2026-08-27T13:40:53","slug":"vendredi-commun-4-2-4-2-2-2-2-2","status":"publish","type":"post","link":"https:\/\/csoullins.org\/index.php\/2026\/09\/01\/vendredi-commun-4-2-4-2-2-2-2-2\/","title":{"rendered":"FORUM DES ASSOCIATIONS"},"content":{"rendered":"\n<h2 class=\"wp-block-heading\">LE 5 SEPTEMBRE 2026, 10H \u2013 17H<\/h2>\n\n\n\n<p class=\"wp-block-paragraph\">Vous pourrez nous retrouver aux c\u00f4t\u00e9s des autres associations du territoire lors du Forum des Associations organis\u00e9 par la ville d\u2019Oullins-Pierre-B\u00e9nite. L\u2019occasion de venir nous rencontrer, se renseigner, d\u00e9couvrir des activit\u00e9s et acteurs pr\u00e8s de chez vous.<\/p>\n\n\n\n<p class=\"wp-block-paragraph\"><\/p>\n\n\n\n<h4 class=\"wp-block-heading\">Complexe sportif La Canop\u00e9e, 30 rue du G\u00e9n\u00e9ral de Gaulle \u2013 69310 OULLINS-PIERRE-BENITE<\/h4>\n\n\n\n<div class=\"wp-block-columns is-layout-flex wp-container-core-columns-is-layout-794e3cfa wp-block-columns-is-layout-flex\">\n<div class=\"wp-block-column is-layout-flow wp-block-column-is-layout-flow\" style=\"flex-basis:50%\">\n<figure class=\"wp-block-image size-full is-resized\"><img loading=\"lazy\" decoding=\"async\" width=\"395\" height=\"200\" src=\"https:\/\/csoullins.org\/wp-content\/uploads\/2025\/12\/opb.png\" alt=\"\" class=\"wp-image-2718\" style=\"aspect-ratio:1.9749944944775608;width:89px;height:auto\" srcset=\"https:\/\/csoullins.org\/wp-content\/uploads\/2025\/12\/opb.png 395w, https:\/\/csoullins.org\/wp-content\/uploads\/2025\/12\/opb-300x152.png 300w\" sizes=\"auto, (max-width: 395px) 100vw, 395px\" \/><\/figure>\n<\/div>\n\n\n\n<div class=\"wp-block-column is-layout-flow wp-block-column-is-layout-flow\" style=\"flex-basis:50%\"><\/div>\n<\/div>\n\n\n\n<p class=\"wp-block-paragraph\"><\/p>\n","protected":false},"excerpt":{"rendered":"<p>LE 5 SEPTEMBRE 2026, 10H \u2013 17H Vous pourrez nous retrouver aux c\u00f4t\u00e9s des autres associations du territoire lors du Forum des Associations organis\u00e9 par la ville d\u2019Oullins-Pierre-B\u00e9nite. L\u2019occasion de venir nous rencontrer, se renseigner, d\u00e9couvrir des activit\u00e9s et acteurs pr\u00e8s de chez vous. Complexe sportif La Canop\u00e9e, 30 rue du G\u00e9n\u00e9ral de Gaulle \u2013 [&hellip;]<\/p>\n","protected":false},"author":1,"featured_media":3243,"comment_status":"closed","ping_status":"open","sticky":false,"template":"","format":"standard","meta":{"footnotes":""},"categories":[36],"tags":[],"class_list":["post-3242","post","type-post","status-publish","format-standard","has-post-thumbnail","hentry","category-association"],"_links":{"self":[{"href":"https:\/\/csoullins.org\/index.php\/wp-json\/wp\/v2\/posts\/3242","targetHints":{"allow":["GET"]}}],"collection":[{"href":"https:\/\/csoullins.org\/index.php\/wp-json\/wp\/v2\/posts"}],"about":[{"href":"https:\/\/csoullins.org\/index.php\/wp-json\/wp\/v2\/types\/post"}],"author":[{"embeddable":true,"href":"https:\/\/csoullins.org\/index.php\/wp-json\/wp\/v2\/users\/1"}],"replies":[{"embeddable":true,"href":"https:\/\/csoullins.org\/index.php\/wp-json\/wp\/v2\/comments?post=3242"}],"version-history":[{"count":1,"href":"https:\/\/csoullins.org\/index.php\/wp-json\/wp\/v2\/posts\/3242\/revisions"}],"predecessor-version":[{"id":3244,"href":"https:\/\/csoullins.org\/index.php\/wp-json\/wp\/v2\/posts\/3242\/revisions\/3244"}],"wp:featuredmedia":[{"embeddable":true,"href":"https:\/\/csoullins.org\/index.php\/wp-json\/wp\/v2\/media\/3243"}],"wp:attachment":[{"href":"https:\/\/csoullins.org\/index.php\/wp-json\/wp\/v2\/media?parent=3242"}],"wp:term":[{"taxonomy":"category","embeddable":true,"href":"https:\/\/csoullins.org\/index.php\/wp-json\/wp\/v2\/categories?post=3242"},{"taxonomy":"post_tag","embeddable":true,"href":"https:\/\/csoullins.org\/index.php\/wp-json\/wp\/v2\/tags?post=3242"}],"curies":[{"name":"wp","href":"https:\/\/api.w.org\/{rel}","templated":true}]}}