{"id":3240,"date":"2026-09-04T08:00:00","date_gmt":"2026-09-04T06:00:00","guid":{"rendered":"https:\/\/csoullins.org\/?p=3240"},"modified":"2026-08-27T15:05:25","modified_gmt":"2026-08-27T13:05:25","slug":"vendredi-commun-4-2-4-2-2-2-2","status":"publish","type":"post","link":"https:\/\/csoullins.org\/index.php\/2026\/09\/04\/vendredi-commun-4-2-4-2-2-2-2\/","title":{"rendered":"R\u00c9SERVATIONS VACANCES D\u2019AUTOMNE"},"content":{"rendered":"\n<h2 class=\"wp-block-heading\">LE 24 SEPTEMBRE 2026, D\u00c8S 12H30<\/h2>\n\n\n\n<p class=\"wp-block-paragraph\">Les vacances de la Toussaint auront lieu du 19 au 30 octobre 2026. Avant d\u2019effectuer vos r\u00e9servations, pensez \u00e0 demander d\u00e8s \u00e0 pr\u00e9sent la pr\u00e9-inscription de votre enfant sur l\u2019Espace Famille (\u00ab inscrire mon enfant \u00e0 une nouvelle activit\u00e9 \u00bb).<\/p>\n\n\n\n<h4 class=\"wp-block-heading\">Attention : aucune r\u00e9servation ne sera possible sans un dossier complet.<\/h4>\n\n\n\n<div class=\"wp-block-columns is-layout-flex wp-container-core-columns-is-layout-794e3cfa wp-block-columns-is-layout-flex\">\n<div class=\"wp-block-column is-layout-flow wp-block-column-is-layout-flow\" style=\"flex-basis:50%\">\n<figure class=\"wp-block-image size-full is-resized\"><img loading=\"lazy\" decoding=\"async\" width=\"395\" height=\"200\" src=\"https:\/\/csoullins.org\/wp-content\/uploads\/2025\/12\/opb.png\" alt=\"\" class=\"wp-image-2718\" style=\"aspect-ratio:1.9749944944775608;width:89px;height:auto\" srcset=\"https:\/\/csoullins.org\/wp-content\/uploads\/2025\/12\/opb.png 395w, https:\/\/csoullins.org\/wp-content\/uploads\/2025\/12\/opb-300x152.png 300w\" sizes=\"auto, (max-width: 395px) 100vw, 395px\" \/><\/figure>\n<\/div>\n\n\n\n<div class=\"wp-block-column is-layout-flow wp-block-column-is-layout-flow\" style=\"flex-basis:50%\"><\/div>\n<\/div>\n\n\n\n<figure class=\"wp-block-image size-full is-resized\"><img loading=\"lazy\" decoding=\"async\" width=\"225\" height=\"225\" src=\"https:\/\/csoullins.org\/wp-content\/uploads\/2025\/12\/caf_fle@csoullins.com_.png\" alt=\"\" class=\"wp-image-2716\" style=\"width:66px;height:auto\" srcset=\"https:\/\/csoullins.org\/wp-content\/uploads\/2025\/12\/caf_fle@csoullins.com_.png 225w, https:\/\/csoullins.org\/wp-content\/uploads\/2025\/12\/caf_fle@csoullins.com_-150x150.png 150w\" sizes=\"auto, (max-width: 225px) 100vw, 225px\" \/><\/figure>\n\n\n\n<p class=\"wp-block-paragraph\"><\/p>\n","protected":false},"excerpt":{"rendered":"<p>LE 24 SEPTEMBRE 2026, D\u00c8S 12H30 Les vacances de la Toussaint auront lieu du 19 au 30 octobre 2026. Avant d\u2019effectuer vos r\u00e9servations, pensez \u00e0 demander d\u00e8s \u00e0 pr\u00e9sent la pr\u00e9-inscription de votre enfant sur l\u2019Espace Famille (\u00ab inscrire mon enfant \u00e0 une nouvelle activit\u00e9 \u00bb). Attention : aucune r\u00e9servation ne sera possible sans un [&hellip;]<\/p>\n","protected":false},"author":1,"featured_media":2248,"comment_status":"closed","ping_status":"open","sticky":false,"template":"","format":"standard","meta":{"footnotes":""},"categories":[5,37],"tags":[],"class_list":["post-3240","post","type-post","status-publish","format-standard","has-post-thumbnail","hentry","category-enfance","category-jeunesse"],"_links":{"self":[{"href":"https:\/\/csoullins.org\/index.php\/wp-json\/wp\/v2\/posts\/3240","targetHints":{"allow":["GET"]}}],"collection":[{"href":"https:\/\/csoullins.org\/index.php\/wp-json\/wp\/v2\/posts"}],"about":[{"href":"https:\/\/csoullins.org\/index.php\/wp-json\/wp\/v2\/types\/post"}],"author":[{"embeddable":true,"href":"https:\/\/csoullins.org\/index.php\/wp-json\/wp\/v2\/users\/1"}],"replies":[{"embeddable":true,"href":"https:\/\/csoullins.org\/index.php\/wp-json\/wp\/v2\/comments?post=3240"}],"version-history":[{"count":1,"href":"https:\/\/csoullins.org\/index.php\/wp-json\/wp\/v2\/posts\/3240\/revisions"}],"predecessor-version":[{"id":3241,"href":"https:\/\/csoullins.org\/index.php\/wp-json\/wp\/v2\/posts\/3240\/revisions\/3241"}],"wp:featuredmedia":[{"embeddable":true,"href":"https:\/\/csoullins.org\/index.php\/wp-json\/wp\/v2\/media\/2248"}],"wp:attachment":[{"href":"https:\/\/csoullins.org\/index.php\/wp-json\/wp\/v2\/media?parent=3240"}],"wp:term":[{"taxonomy":"category","embeddable":true,"href":"https:\/\/csoullins.org\/index.php\/wp-json\/wp\/v2\/categories?post=3240"},{"taxonomy":"post_tag","embeddable":true,"href":"https:\/\/csoullins.org\/index.php\/wp-json\/wp\/v2\/tags?post=3240"}],"curies":[{"name":"wp","href":"https:\/\/api.w.org\/{rel}","templated":true}]}}