{"id":2287,"date":"2025-05-12T11:59:05","date_gmt":"2025-05-12T09:59:05","guid":{"rendered":"https:\/\/csoullins.org\/?p=2287"},"modified":"2025-05-12T11:59:58","modified_gmt":"2025-05-12T09:59:58","slug":"reservations-3-12-ans-vacances-dete-2025","status":"publish","type":"post","link":"https:\/\/csoullins.org\/index.php\/2025\/05\/12\/reservations-3-12-ans-vacances-dete-2025\/","title":{"rendered":"R\u00c9SERVATIONS 3-12 ANS VACANCES D&rsquo;\u00c9T\u00c9 2025"},"content":{"rendered":"\n<p>Les R\u00e9servations 3\/12 ans pour la p\u00e9riode estivale du 07\/07\/25 au 01\/08\/25 et du 25\/08\/25 au 29\/08\/25 seront ouvertes le jeudi 22 mai d\u00e8s 12h30.<br>Les annulations sont possibles jusqu&rsquo;au jeudi 05 juin inclus.<br>Attention il est n\u00e9cessaires que le dossier administratif de l&rsquo;enfant soit \u00e0 jour.<\/p>\n\n\n\n<p><strong>Contacts : Aux accueils Moreaud &amp; Saulaie<\/strong><\/p>\n\n\n\n<p><\/p>\n","protected":false},"excerpt":{"rendered":"<p>Les R\u00e9servations 3\/12 ans pour la p\u00e9riode estivale du 07\/07\/25 au 01\/08\/25 et du 25\/08\/25 au 29\/08\/25 seront ouvertes le jeudi 22 mai d\u00e8s 12h30.Les annulations sont possibles jusqu&rsquo;au jeudi 05 juin inclus.Attention il est n\u00e9cessaires que le dossier administratif de l&rsquo;enfant soit \u00e0 jour. Contacts : Aux accueils Moreaud &amp; Saulaie<\/p>\n","protected":false},"author":1,"featured_media":2288,"comment_status":"closed","ping_status":"open","sticky":false,"template":"","format":"standard","meta":{"footnotes":""},"categories":[5,37,35],"tags":[],"class_list":["post-2287","post","type-post","status-publish","format-standard","has-post-thumbnail","hentry","category-enfance","category-jeunesse","category-petite-enfance"],"_links":{"self":[{"href":"https:\/\/csoullins.org\/index.php\/wp-json\/wp\/v2\/posts\/2287","targetHints":{"allow":["GET"]}}],"collection":[{"href":"https:\/\/csoullins.org\/index.php\/wp-json\/wp\/v2\/posts"}],"about":[{"href":"https:\/\/csoullins.org\/index.php\/wp-json\/wp\/v2\/types\/post"}],"author":[{"embeddable":true,"href":"https:\/\/csoullins.org\/index.php\/wp-json\/wp\/v2\/users\/1"}],"replies":[{"embeddable":true,"href":"https:\/\/csoullins.org\/index.php\/wp-json\/wp\/v2\/comments?post=2287"}],"version-history":[{"count":1,"href":"https:\/\/csoullins.org\/index.php\/wp-json\/wp\/v2\/posts\/2287\/revisions"}],"predecessor-version":[{"id":2289,"href":"https:\/\/csoullins.org\/index.php\/wp-json\/wp\/v2\/posts\/2287\/revisions\/2289"}],"wp:featuredmedia":[{"embeddable":true,"href":"https:\/\/csoullins.org\/index.php\/wp-json\/wp\/v2\/media\/2288"}],"wp:attachment":[{"href":"https:\/\/csoullins.org\/index.php\/wp-json\/wp\/v2\/media?parent=2287"}],"wp:term":[{"taxonomy":"category","embeddable":true,"href":"https:\/\/csoullins.org\/index.php\/wp-json\/wp\/v2\/categories?post=2287"},{"taxonomy":"post_tag","embeddable":true,"href":"https:\/\/csoullins.org\/index.php\/wp-json\/wp\/v2\/tags?post=2287"}],"curies":[{"name":"wp","href":"https:\/\/api.w.org\/{rel}","templated":true}]}}