{"id":2004,"date":"2024-04-15T10:29:06","date_gmt":"2024-04-15T08:29:06","guid":{"rendered":"http:\/\/csoullins.org\/?p=2004"},"modified":"2024-06-27T13:17:35","modified_gmt":"2024-06-27T11:17:35","slug":"un-cafe-et-une-discussion","status":"publish","type":"post","link":"https:\/\/csoullins.org\/index.php\/2024\/04\/15\/un-cafe-et-une-discussion\/","title":{"rendered":"Un caf\u00e9 et une discussion"},"content":{"rendered":"\n<p>Les parents aiment se retrouver lors de nos temps festifs, mais ont rarement l\u2019occasion d\u2019\u00e9changer sans la pr\u00e9sence de leurs enfants.<\/p>\n\n\n\n<p><br>En partant de cette r\u00e9flexion, l\u2019\u00c9tablissement d\u2019Accueil du Jeune Enfant Tchoutchou a instaur\u00e9, depuis 2018, des caf\u00e9s parents. Leur objectif principal est de proposer un lieu d\u2019\u00e9change, d\u2019\u00e9coute, de partage et de convivialit\u00e9 entre parents. L\u2019\u00e9quipe s\u2019installe dans le centre social de la Saulaie et les parents peuvent nous rejoindre apr\u00e8s avoir d\u00e9pos\u00e9 leurs enfants \u00e0 la cr\u00e8che.<\/p>\n\n\n\n<p><br>Les premiers caf\u00e9s parents, port\u00e9s par l\u2019\u00c9ducatrice de Jeunes Enfants et l\u2019infirmi\u00e8re abordaient des th\u00e8mes bien pr\u00e9cis tel que le petit d\u00e9jeuner. Peu de parents y ont particip\u00e9 car les sujets \u00e9taient propos\u00e9s par les professionnels et ne relevaient pas d\u2019une v\u00e9ritable demande des parents. Suite au changement d\u2019\u00e9quipe, il a \u00e9t\u00e9 d\u00e9cid\u00e9 de modifier ce fonctionnement. L\u2019EAJE reste moteur de ce projet et est en coanimation avec un professionnel diff\u00e9rent \u00e0 chaque caf\u00e9 parent. Les caf\u00e9s parents peuvent avoir lieu le matin ou le soir et des jours diff\u00e9rents pour sensibiliser plus de parents.<\/p>\n\n\n\n<p><br>Pour le moment aucun th\u00e8me particulier n\u2019est abord\u00e9 car les professionnels souhaitent que ce temps soit reconnu et identifi\u00e9 avant tout, par tous les parents, comme un temps d\u2019\u00e9change libre.<br>D\u2019ailleurs depuis cela, il a \u00e9t\u00e9 constat\u00e9 que les parents se confient beaucoup plus sur leur quotidien, sur ce qui les pr\u00e9occupent&nbsp;comme les difficult\u00e9s de sommeil, les gal\u00e8res de repas, les pleurs, les s\u00e9parations difficiles, le d\u00e9part \u00e0 l\u2019\u00e9cole\u2026souvent des questions \u00e9ducatives.<\/p>\n\n\n\n<p><br>Les participants proposent des solutions entre eux ce qui leur permet de se sentir moins seuls et moins d\u00e9munis. Les professionnels pr\u00e9sents sont l\u00e0 pour \u00e9couter, rassurer, r\u00e9pondre \u00e0 leurs questionnements. Les \u00e9changes avec les parents se font d\u2019une mani\u00e8re plus naturelle et rejaillissent sur les temps d\u2019accueil quotidien.<br>Depuis 2 ans, les Tchoutchou subissent, comme de nombreuses cr\u00e8ches, des absences de personnels et des difficult\u00e9s de recrutement ralentissant le rythme des rencontres.<\/p>\n\n\n\n<p><br>Le caf\u00e9 parent reste un projet important pour l\u2019\u00e9quipe car il favorise la connaissance entre professionnels et parents. Cet espace est un lieu de rencontre, de d\u00e9couverte des uns et des autres, qui permet de cr\u00e9er du lien dans le respect de la diversit\u00e9 et de la mixit\u00e9 sociale. Des valeurs ch\u00e8res \u00e0 la cr\u00e8che Tchoutchou.<\/p>\n","protected":false},"excerpt":{"rendered":"<p>Les parents aiment se retrouver lors de nos temps festifs, mais ont rarement l\u2019occasion d\u2019\u00e9changer sans la pr\u00e9sence de leurs enfants. En partant de cette r\u00e9flexion, l\u2019\u00c9tablissement d\u2019Accueil du Jeune Enfant Tchoutchou a instaur\u00e9, depuis 2018, des caf\u00e9s parents. Leur objectif principal est de proposer un lieu d\u2019\u00e9change, d\u2019\u00e9coute, de partage et de convivialit\u00e9 entre [&hellip;]<\/p>\n","protected":false},"author":7,"featured_media":2040,"comment_status":"closed","ping_status":"closed","sticky":false,"template":"","format":"standard","meta":{"footnotes":""},"categories":[35],"tags":[],"class_list":["post-2004","post","type-post","status-publish","format-standard","has-post-thumbnail","hentry","category-petite-enfance"],"_links":{"self":[{"href":"https:\/\/csoullins.org\/index.php\/wp-json\/wp\/v2\/posts\/2004","targetHints":{"allow":["GET"]}}],"collection":[{"href":"https:\/\/csoullins.org\/index.php\/wp-json\/wp\/v2\/posts"}],"about":[{"href":"https:\/\/csoullins.org\/index.php\/wp-json\/wp\/v2\/types\/post"}],"author":[{"embeddable":true,"href":"https:\/\/csoullins.org\/index.php\/wp-json\/wp\/v2\/users\/7"}],"replies":[{"embeddable":true,"href":"https:\/\/csoullins.org\/index.php\/wp-json\/wp\/v2\/comments?post=2004"}],"version-history":[{"count":2,"href":"https:\/\/csoullins.org\/index.php\/wp-json\/wp\/v2\/posts\/2004\/revisions"}],"predecessor-version":[{"id":2013,"href":"https:\/\/csoullins.org\/index.php\/wp-json\/wp\/v2\/posts\/2004\/revisions\/2013"}],"wp:featuredmedia":[{"embeddable":true,"href":"https:\/\/csoullins.org\/index.php\/wp-json\/wp\/v2\/media\/2040"}],"wp:attachment":[{"href":"https:\/\/csoullins.org\/index.php\/wp-json\/wp\/v2\/media?parent=2004"}],"wp:term":[{"taxonomy":"category","embeddable":true,"href":"https:\/\/csoullins.org\/index.php\/wp-json\/wp\/v2\/categories?post=2004"},{"taxonomy":"post_tag","embeddable":true,"href":"https:\/\/csoullins.org\/index.php\/wp-json\/wp\/v2\/tags?post=2004"}],"curies":[{"name":"wp","href":"https:\/\/api.w.org\/{rel}","templated":true}]}}