{"id":1435,"date":"2021-09-24T14:59:35","date_gmt":"2021-09-24T12:59:35","guid":{"rendered":"http:\/\/csoullins.org\/?p=1435"},"modified":"2021-12-07T12:33:09","modified_gmt":"2021-12-07T11:33:09","slug":"ouverture-des-reservations-accueils-de-loisirs-3-12-ans-vacances-automne-et-noel-2021","status":"publish","type":"post","link":"https:\/\/csoullins.org\/index.php\/2021\/09\/24\/ouverture-des-reservations-accueils-de-loisirs-3-12-ans-vacances-automne-et-noel-2021\/","title":{"rendered":"Ouverture des r\u00e9servations accueils de loisirs 3-12 ans vacances automne et no\u00ebl 2021"},"content":{"rendered":"\n<p><\/p>\n\n\n\n<p>1\u00e8re SESSION &#8211; Mercredi 29 septembre 9h &#8211; ouverture uniquement aux familles dont l&rsquo;enfant a fr\u00e9quent\u00e9 l&rsquo;accueil de loisirs depuis septembre 2021<\/p>\n\n\n\n<p>2\u00e8me SESSION &#8211; Mercredi 6 octobre 9h &#8211; ouverture \u00e0 toutes les familles<\/p>\n\n\n\n<p>Il est imp\u00e9ratif d&rsquo;avoir son dossier administratif \u00e0 jour avant le d\u00e9but des inscriptions.<\/p>\n","protected":false},"excerpt":{"rendered":"<p>1\u00e8re SESSION &#8211; Mercredi 29 septembre 9h &#8211; ouverture uniquement aux familles dont l&rsquo;enfant a fr\u00e9quent\u00e9 l&rsquo;accueil de loisirs depuis septembre 2021 2\u00e8me SESSION &#8211; Mercredi 6 octobre 9h &#8211; ouverture \u00e0 toutes les familles Il est imp\u00e9ratif d&rsquo;avoir son dossier administratif \u00e0 jour avant le d\u00e9but des inscriptions.<\/p>\n","protected":false},"author":1,"featured_media":1436,"comment_status":"closed","ping_status":"closed","sticky":false,"template":"","format":"standard","meta":{"footnotes":""},"categories":[5],"tags":[],"class_list":["post-1435","post","type-post","status-publish","format-standard","has-post-thumbnail","hentry","category-enfance"],"_links":{"self":[{"href":"https:\/\/csoullins.org\/index.php\/wp-json\/wp\/v2\/posts\/1435","targetHints":{"allow":["GET"]}}],"collection":[{"href":"https:\/\/csoullins.org\/index.php\/wp-json\/wp\/v2\/posts"}],"about":[{"href":"https:\/\/csoullins.org\/index.php\/wp-json\/wp\/v2\/types\/post"}],"author":[{"embeddable":true,"href":"https:\/\/csoullins.org\/index.php\/wp-json\/wp\/v2\/users\/1"}],"replies":[{"embeddable":true,"href":"https:\/\/csoullins.org\/index.php\/wp-json\/wp\/v2\/comments?post=1435"}],"version-history":[{"count":3,"href":"https:\/\/csoullins.org\/index.php\/wp-json\/wp\/v2\/posts\/1435\/revisions"}],"predecessor-version":[{"id":1494,"href":"https:\/\/csoullins.org\/index.php\/wp-json\/wp\/v2\/posts\/1435\/revisions\/1494"}],"wp:featuredmedia":[{"embeddable":true,"href":"https:\/\/csoullins.org\/index.php\/wp-json\/wp\/v2\/media\/1436"}],"wp:attachment":[{"href":"https:\/\/csoullins.org\/index.php\/wp-json\/wp\/v2\/media?parent=1435"}],"wp:term":[{"taxonomy":"category","embeddable":true,"href":"https:\/\/csoullins.org\/index.php\/wp-json\/wp\/v2\/categories?post=1435"},{"taxonomy":"post_tag","embeddable":true,"href":"https:\/\/csoullins.org\/index.php\/wp-json\/wp\/v2\/tags?post=1435"}],"curies":[{"name":"wp","href":"https:\/\/api.w.org\/{rel}","templated":true}]}}