{"id":1246,"date":"2021-04-02T13:13:57","date_gmt":"2021-04-02T11:13:57","guid":{"rendered":"http:\/\/csoullins.org\/?p=1246"},"modified":"2022-04-12T15:00:13","modified_gmt":"2022-04-12T13:00:13","slug":"mesures-covid-19-02-04-2021","status":"publish","type":"post","link":"https:\/\/csoullins.org\/index.php\/2021\/04\/02\/mesures-covid-19-02-04-2021\/","title":{"rendered":"Mesures COVID 19 : 02.04.2021"},"content":{"rendered":"\n<p>Chers adh\u00e9rents, chers parents,<\/p>\n\n\n\n<p>Suite \u00e0 l\u2019allocution du Pr\u00e9sident de la R\u00e9publique, et en l\u2019attente des consignes gouvernementales qui ne manqueront pas de suivre, et devant la n\u00e9cessit\u00e9 pour nos familles adh\u00e9rentes de s\u2019organiser pour les semaines qui viennent, l\u2019ACSO a d\u00e9cid\u00e9 d\u2019anticiper ses fermetures d\u2019activit\u00e9, en lien avec la Commune d\u2019Oullins.<\/p>\n\n\n\n<p>Nos cr\u00e8ches seront donc ferm\u00e9es \u00e0 partir de mardi 6 avril. Les familles qui peuvent b\u00e9n\u00e9ficier d\u2019une garde prioritaire (liste t\u00e9l\u00e9chargeable ci apr\u00e8s <a href=\"https:\/\/csoullins.org\/wp-content\/uploads\/2021\/04\/Liste-personnels-prioritaires.pdf\">https:\/\/csoullins.org\/wp-content\/uploads\/2021\/04\/Liste-personnels-prioritaires.pdf<\/a>), peuvent s\u2019adresser \u00e0 la Mairie d\u2019Oullins, qui maintient ouverte la cr\u00e8che Le Petit Prince. Rendez-vous sur le site de la Ville www.oullins.fr.<\/p>\n\n\n\n<p>Nos Centres de Loisirs du mercredi 7 avril et des vacances de printemps seront ferm\u00e9s. En revanche, nous \u00e9laborons une programmation d\u2019activit\u00e9s virtuelles \u00e0 destination de tous les \u00e2ges que nous vous proposerons la semaine prochaine.<\/p>\n\n\n\n<p>Les familles qui peuvent b\u00e9n\u00e9ficier d\u2019une garde d\u2019enfants prioritaire (liste t\u00e9l\u00e9chargeable ci apr\u00e8s <a href=\"https:\/\/csoullins.org\/wp-content\/uploads\/2021\/04\/Liste-personnels-prioritaires.pdf\">https:\/\/csoullins.org\/wp-content\/uploads\/2021\/04\/Liste-personnels-prioritaires.pdf<\/a>), peuvent s\u2019adresser au Point Accueil familles de la Ville d\u2019Oullins, pour en b\u00e9n\u00e9ficier.<\/p>\n\n\n\n<p>Nous esp\u00e9rons malgr\u00e9 tout pouvoir continuer des activit\u00e9s collectives en pr\u00e9sentiel : nous les communiquerons une fois les d\u00e9crets parus. Tous les rendez-vous d\u2019accompagnement individuel sont maintenus et nos accueils restent ouverts.<\/p>\n\n\n\n<p>Nous vous tiendrons \u00e9videmment inform\u00e9s de toute modification de ces mesures, et nous vous confirmons qu\u2019aucune inscription sur la p\u00e9riode ne vous sera factur\u00e9e.<\/p>\n\n\n\n<p>Merci de votre compr\u00e9hension : prenez soin de vous et profitez de vos enfants<\/p>\n\n\n\n<p>Cordialement,<\/p>\n\n\n\n<p>Jean-Michel Findinier<\/p>\n\n\n\n<p>Directeur<\/p>\n\n\n\n<div class=\"wp-block-file\"><a href=\"https:\/\/csoullins.org\/wp-content\/uploads\/2021\/04\/Liste-personnels-prioritaires.pdf\">Liste-personnels-prioritaires<\/a><a href=\"https:\/\/csoullins.org\/wp-content\/uploads\/2021\/04\/Liste-personnels-prioritaires.pdf\" class=\"wp-block-file__button\" download>T\u00e9l\u00e9charger<\/a><\/div>\n","protected":false},"excerpt":{"rendered":"<p>Chers adh\u00e9rents, chers parents, Suite \u00e0 l\u2019allocution du Pr\u00e9sident de la R\u00e9publique, et en l\u2019attente des consignes gouvernementales qui ne manqueront pas de suivre, et devant la n\u00e9cessit\u00e9 pour nos familles adh\u00e9rentes de s\u2019organiser pour les semaines qui viennent, l\u2019ACSO a d\u00e9cid\u00e9 d\u2019anticiper ses fermetures d\u2019activit\u00e9, en lien avec la Commune d\u2019Oullins. Nos cr\u00e8ches seront [&hellip;]<\/p>\n","protected":false},"author":7,"featured_media":1242,"comment_status":"closed","ping_status":"closed","sticky":false,"template":"","format":"standard","meta":{"footnotes":""},"categories":[36],"tags":[38,39,42,40,41],"class_list":["post-1246","post","type-post","status-publish","format-standard","has-post-thumbnail","hentry","category-association","tag-acso","tag-centre-de-loisirs","tag-centre-social","tag-covid19","tag-oullins"],"_links":{"self":[{"href":"https:\/\/csoullins.org\/index.php\/wp-json\/wp\/v2\/posts\/1246","targetHints":{"allow":["GET"]}}],"collection":[{"href":"https:\/\/csoullins.org\/index.php\/wp-json\/wp\/v2\/posts"}],"about":[{"href":"https:\/\/csoullins.org\/index.php\/wp-json\/wp\/v2\/types\/post"}],"author":[{"embeddable":true,"href":"https:\/\/csoullins.org\/index.php\/wp-json\/wp\/v2\/users\/7"}],"replies":[{"embeddable":true,"href":"https:\/\/csoullins.org\/index.php\/wp-json\/wp\/v2\/comments?post=1246"}],"version-history":[{"count":7,"href":"https:\/\/csoullins.org\/index.php\/wp-json\/wp\/v2\/posts\/1246\/revisions"}],"predecessor-version":[{"id":1258,"href":"https:\/\/csoullins.org\/index.php\/wp-json\/wp\/v2\/posts\/1246\/revisions\/1258"}],"wp:featuredmedia":[{"embeddable":true,"href":"https:\/\/csoullins.org\/index.php\/wp-json\/wp\/v2\/media\/1242"}],"wp:attachment":[{"href":"https:\/\/csoullins.org\/index.php\/wp-json\/wp\/v2\/media?parent=1246"}],"wp:term":[{"taxonomy":"category","embeddable":true,"href":"https:\/\/csoullins.org\/index.php\/wp-json\/wp\/v2\/categories?post=1246"},{"taxonomy":"post_tag","embeddable":true,"href":"https:\/\/csoullins.org\/index.php\/wp-json\/wp\/v2\/tags?post=1246"}],"curies":[{"name":"wp","href":"https:\/\/api.w.org\/{rel}","templated":true}]}}